{"id":116100,"date":"2023-09-09T21:38:01","date_gmt":"2023-09-09T19:38:01","guid":{"rendered":"https:\/\/www.re-actio.com\/wordpress\/?p=116100"},"modified":"2023-09-10T11:19:23","modified_gmt":"2023-09-10T09:19:23","slug":"hitze-angst-beleidigungen-krieg","status":"publish","type":"post","link":"https:\/\/www.re-actio.com\/wordpress\/hitze-angst-beleidigungen-krieg\/","title":{"rendered":"Hitze. Angst. Beleidigungen. Krieg."},"content":{"rendered":"<p>Wenn es hei\u00df ist schwin\u00addet der Antrieb neue Gedan\u00adken zu fas\u00adsen und sie abw\u00e4\u00adgend gegen\u00ad\u00fcber dem nie\u00adder\u00adzu\u00adschrei\u00adben was man bis\u00adher schon dach\u00adte. Eine 'Hit\u00adze\u00adtr\u00e4g\u00adheit' setzt ein, das Den\u00adken wird schwer, die Stim\u00admung leicht gereizt, gepaart mit dem Hang zu Schl\u00e4frigkeit&nbsp;....<\/p>\n<p>Da ist es nahe\u00adlie\u00adgend noch\u00admal in die Kla\u00admot\u00adten\u00adki\u00adste zu grei\u00adfen und etwas her\u00adaus zu kra\u00admen, das eine aktu\u00adel\u00adle Bedeu\u00adtung hat und doch tief in den Tie\u00adfen des Ser\u00advers sein Dasein fristete.<\/p>\n<p>Ich emp\u00adfeh\u00adle des\u00adwe\u00adgen fol\u00adgen\u00adde Arti\u00adkel zu lesen, die ich f\u00fcr wich\u00adtig hal\u00adte. Die den\u00adnoch bis\u00adher nicht die Auf\u00admerk\u00adsam\u00adkeit hat\u00adten die mir f\u00fcr die\u00adse The\u00admen vorschwebt.<\/p>\n<ul>\n<li> [24-08-2017] <a href=\"https:\/\/www.re-actio.com\/wordpress\/?p=79058\" rel=\"noopener\" target=\"_blank\">Ras\u00adsis\u00admus: .... humans are dri\u00adven by fear and self-hat\u00adred ....Aus Gr\u00fcn\u00adden .... das The\u00adma Ras\u00adsis\u00admus noch\u00admal aufgegriffen:&nbsp;<\/a><br>\nEine kur\u00adze Ein\u00adlei\u00adtung mit einem Zitat und dann eine Er\u00f6r\u00adte\u00adrung \u00fcber Angst, Selbst\u00adhass und unser Erbe aud der Urzeit&nbsp;<\/li>\n<li> [22-10-2017] <a href=\"https:\/\/www.re-actio.com\/wordpress\/?p=79206\" rel=\"noopener\" target=\"_blank\">Von \"Belei\u00addi\u00adgun\u00adgen\" <\/a> Eine kur\u00adze Betrach\u00adtung war\u00adum es Vie\u00adlen so schwer f\u00e4llt zwi\u00adschen einer Per\u00adson und den von ihr ver\u00adtre\u00adte\u00adnen Grund\u00ads\u00e4t\u00adzen zu unter\u00adschei\u00adden - nicht jeder der etwas Ande\u00adres denkt und f\u00fcr rich\u00adtig h\u00e4lt ist des\u00adwe\u00adgen 'Feind', genau\u00adso wenig sind gleich\u00adsin\u00adnig Den\u00adken\u00adde immer sofort 'Freund' <\/li>\n<li> [20-02-2015] <a href=\"https:\/\/www.re-actio.com\/wordpress\/?p=73528\" rel=\"noopener\" target=\"_blank\">Washing\u00adton pre\u00adpa\u00adring to wage war on Rus\u00adsia &nbsp; <br>Berei\u00adtet sich Washing\u00adton dar\u00adauf vor Russ\u00adland mit Krieg zu \u00fcber\u00adzie\u00adhen?\" <\/a> Die ge\u00e4u\u00ad\u00dfer\u00adte Absicht stimmt meist nicht mit der tat\u00ads\u00e4ch\u00adli\u00adchen Absicht von Gro\u00df\u00adm\u00e4ch\u00adten \u00fcber\u00adein - und die <span class=\"caps\">USA<\/span>, unse\u00adre *Busen\u00adfreun\u00adde*, ohne Fehl <span class=\"amp\">&amp;<\/span> Tadel, bil\u00adden da kei\u00adne Ausnahmen.<br>\nDoch wie mitt\u00adler\u00adwei\u00adle zu erken\u00adnen: Es gibt vie\u00adle Wege die Zie\u00adle zu errei\u00adchen. Man <em>'l\u00e4\u00dft k\u00e4mp\u00adfen'<\/em> und beschr\u00e4nkt sich dar\u00adauf den Pro\u00adfit abzusch\u00f6pfen.&nbsp;<\/li>\n<\/ul>\n","protected":false},"excerpt":{"rendered":"<p>Wenn es hei\u00df ist schwin\u00addet der Antrieb neue Gedan\u00adken zu fas\u00adsen und sie abw\u00e4\u00adgend gegen\u00ad\u00fcber dem nie\u00adder\u00adzu\u00adschrei\u00adben was man bis\u00adher schon dach\u00adte. Eine 'Hit\u00adze\u00adtr\u00e4g\u00adheit' setzt ein, das Den\u00adken wird schwer, die Stim\u00admung leicht gereizt, gepaart mit dem Hang zu Schl\u00e4f\u00adrig\u00adkeit&nbsp;.... Da ist es nahe\u00adlie\u00adgend noch\u00admal in die Kla\u00admot\u00adten\u00adki\u00adste zu grei\u00adfen und etwas her\u00adaus zu kramen,&nbsp;[\u2026]<\/p>\n","protected":false},"author":561,"featured_media":0,"comment_status":"open","ping_status":"closed","sticky":false,"template":"","format":"standard","meta":{"wp_typography_post_enhancements_disabled":false,"footnotes":""},"categories":[5567,1711,5667],"tags":[7651],"class_list":["post-116100","post","type-post","status-publish","format-standard","hentry","category-offene-fragen","category-frueer","category-opa-erzaehlt-vom-krieg","tag-blick-zurueck-in-die-jahre-2015-und-2017"],"_links":{"self":[{"href":"https:\/\/www.re-actio.com\/wordpress\/wp-json\/wp\/v2\/posts\/116100","targetHints":{"allow":["GET"]}}],"collection":[{"href":"https:\/\/www.re-actio.com\/wordpress\/wp-json\/wp\/v2\/posts"}],"about":[{"href":"https:\/\/www.re-actio.com\/wordpress\/wp-json\/wp\/v2\/types\/post"}],"author":[{"embeddable":true,"href":"https:\/\/www.re-actio.com\/wordpress\/wp-json\/wp\/v2\/users\/561"}],"replies":[{"embeddable":true,"href":"https:\/\/www.re-actio.com\/wordpress\/wp-json\/wp\/v2\/comments?post=116100"}],"version-history":[{"count":0,"href":"https:\/\/www.re-actio.com\/wordpress\/wp-json\/wp\/v2\/posts\/116100\/revisions"}],"wp:attachment":[{"href":"https:\/\/www.re-actio.com\/wordpress\/wp-json\/wp\/v2\/media?parent=116100"}],"wp:term":[{"taxonomy":"category","embeddable":true,"href":"https:\/\/www.re-actio.com\/wordpress\/wp-json\/wp\/v2\/categories?post=116100"},{"taxonomy":"post_tag","embeddable":true,"href":"https:\/\/www.re-actio.com\/wordpress\/wp-json\/wp\/v2\/tags?post=116100"}],"curies":[{"name":"wp","href":"https:\/\/api.w.org\/{rel}","templated":true}]}}