{"id":116896,"date":"2024-01-21T16:56:30","date_gmt":"2024-01-21T15:56:30","guid":{"rendered":"https:\/\/www.re-actio.com\/wordpress\/?p=116896"},"modified":"2024-01-22T18:11:59","modified_gmt":"2024-01-22T17:11:59","slug":"von-koeniginnen-koenigen-und-monarchien","status":"publish","type":"post","link":"https:\/\/www.re-actio.com\/wordpress\/von-koeniginnen-koenigen-und-monarchien\/","title":{"rendered":"Von K\u00f6niginnen, K\u00f6nigen und Monarchien"},"content":{"rendered":"<p>In <a href=\"https:\/\/coronanachrichten.wordpress.com\/\" rel=\"noopener\" target=\"_blank\">\"Coro\u00adna \u2013 Nach\u00adrich\u00adten f\u00fcr Mon\u00adar\u00adchi\u00adsten, Aus\u00adga\u00adbe 299\"<\/a> fin\u00addet man den Arti\u00adkel <a href=\"https:\/\/coronanachrichten.wordpress.com\/2024\/01\/21\/danemark-begrust-das-neue-konigspaar-corona-nachrichten-fur-monarchisten-ausgabe-299\/\" rel=\"noopener\" target=\"_blank\">\"D\u00e4ne\u00admark begr\u00fc\u00dft das neue K\u00f6nigs\u00adpaar\"<\/a>.<\/p>\n<p>Dort wird berich\u00adtet, was das Deut\u00adsche Fern\u00adse\u00adhen, genau\u00ader das <span class=\"caps\">ARD-<\/span>\u201eEuropamagazin\u201c ver\u00adlau\u00adte\u00adten&nbsp;lie\u00df:<br>\n<strong><em>\u201eD\u00e4ne\u00admark: Wer braucht noch eine Monarchie?\u201c<\/em><\/strong><\/p>\n<p>Wei\u00adter hei\u00dft es&nbsp;dort:<\/p>\n<blockquote><p><em><span class=\"dquo\">\"<\/span>.. Selt\u00adsam, da\u00df die\u00adse Fra\u00adge aus\u00adge\u00adrech\u00adnet in einem Land auf\u00adge\u00adwor\u00adfen wird, des\u00adsen Regie\u00adrung von kaum 30% der Bev\u00f6l\u00adke\u00adrung eine Zustim\u00admung erf\u00e4hrt und die Wer\u00adte des Bun\u00addes\u00adpr\u00e4\u00adsi\u00adden\u00adten nur gering\u00adf\u00fc\u00adgig h\u00f6her lie\u00adgen. Die Pro\u00adkla\u00adma\u00adti\u00adon von Kron\u00adprinz Fre\u00adde\u00adrik zum neu\u00aden K\u00f6nig war eine hun\u00addert\u00adtau\u00adsend\u00adfa\u00adche Best\u00e4\u00adti\u00adgung, da\u00df das Volk nicht nur Ver\u00adtrau\u00aden in den neu\u00aden Mon\u00adar\u00adchen setzt, son\u00addern auch in die Staats\u00adform. Men\u00adschen\u00admas\u00adsen vor Schlo\u00df Chri\u00adsti\u00adans\u00adborg ver\u00adfolg\u00adten direkt die Aus\u00adru\u00adfung zum K\u00f6nig durch die sozi\u00adal\u00adde\u00admo\u00adkra\u00adti\u00adsche Mini\u00adster\u00adpr\u00e4\u00adsi\u00adden\u00adtin <a href=\"https:\/\/de.wikipedia.org\/wiki\/Mette_Frederiksen\" rel=\"noopener\" target=\"_blank\">Met\u00adte Fre\u00adde\u00adrik\u00adsen<\/a>. Auch vor 52 Jah\u00adren war es ein Sozi\u00adal\u00adde\u00admo\u00adkrat, der vom Bal\u00adkon des Schlos\u00adses Chri\u00adsti\u00adans\u00adborg Mar\u00adgre\u00adthe dem Volk als K\u00f6ni\u00adgin vor\u00adstell\u00adte: <a href=\"https:\/\/de.wikipedia.org\/wiki\/Jens_Otto_Krag\" rel=\"noopener\" target=\"_blank\">Jens Otto Krag<\/a> .. \"<\/em><\/p><\/blockquote>\n<p>In der Tat, das ist eine schar\u00adfe Ein\u00adlas\u00adsung die ich f\u00fcr durch\u00adaus ange\u00admes\u00adsen hal\u00adte. Dies ins\u00adbe\u00adson\u00adde\u00adre wegen der Begr\u00fcn\u00addung mit exak\u00adten Zah\u00adlen, die die Schlag\u00adzei\u00adle der Fern\u00adseh\u00adleu\u00adte ad absur\u00addum f\u00fch\u00adren, <a href=\"https:\/\/www.dw.com\/de\/nicht-nur-in-d%C3%A4nemark-jeder-f%C3%BCnfte-staat-ist-eine-monarchie\/a-67900179\" rel=\"noopener\" target=\"_blank\">ste\u00adhen doch die D\u00e4nen ganz offen\u00adsicht\u00adlich in sehr viel gr\u00f6\u00ad\u00dfe\u00adrer Zahl hin\u00adter dem K\u00f6nigs\u00adhaus<\/a> als Repr\u00e4\u00adsen\u00adtant des Lan\u00addes als die Deut\u00adschen hin\u00adter dem Ver\u00adle\u00adgen\u00adheits\u00adkan\u00addi\u00adda\u00adten und Kom\u00adpro\u00admi\u00df\u00adpr\u00e4\u00adsi\u00adden\u00adten Stein\u00admei\u00ader, des\u00adsen wei\u00ad\u00dfe Weste von vie\u00adler\u00adlei Flecken getr\u00fcbt ist und des\u00adsen Amts\u00adf\u00fch\u00adrung eher ein Stol\u00adpern als sou\u00adve\u00adr\u00e4\u00adnes Vor\u00adan\u00adschrei\u00adten darstellt.<\/p>\n<p>Ich wage sogar die The\u00adse, dass ein Erstar\u00adken der extre\u00admen Rech\u00adten in die\u00adsem Aus\u00adma\u00df hier\u00adzu\u00adlan\u00adde nicht m\u00f6g\u00adlich gewe\u00adsen w\u00e4re, h\u00e4t\u00adte die Bev\u00f6l\u00adke\u00adrung ein K\u00f6nigs\u00adhaus in Kon\u00adti\u00adnui\u00adt\u00e4t anstatt einem Pr\u00e4\u00adsi\u00adden\u00adten, zumal die ver\u00adschie\u00adde\u00adnen Pr\u00e4\u00adsi\u00addent\u00adschaf\u00adten eher gl\u00fcck\u00adlos, min\u00adde\u00adstens aber mit wenig Aus\u00adgleichs- und M\u00e4\u00dfi\u00adgungs\u00adpo\u00adten\u00adzi\u00adal ver\u00adlau\u00adfen&nbsp;sind.<br>\nFr\u00fc\u00adhe\u00adre <a href=\"https:\/\/www.uni-muenster.de\/NiederlandeNet\/nl-wissen\/monarchie\/koenigshaus\/feierlaune.html\" rel=\"noopener\" target=\"_blank\">nega\u00adti\u00adve Ein\u00adsch\u00e4t\u00adzun\u00adgen<\/a> zu Mon\u00adar\u00adchien sind mitt\u00adler\u00adwei\u00adle \u00fcber\u00adkom\u00admen - die Ten\u00addenz ist eher posi\u00adtiv, denn unter den <a href=\"https:\/\/www.reisereporter.de\/reisenews\/destinationen\/world-happiness-report-2023-wo-die-gluecklichsten-menschen-leben-4Y4XV6LBVPJVN33VCIZU7XEFGN.html\" rel=\"noopener\" target=\"_blank\">gl\u00fcck\u00adlich\u00adsten Staa\u00adten<\/a> sind zahl\u00adrei\u00adche <a href=\"https:\/\/www.dw.com\/de\/europas-monarchien\/a-61982340\" rel=\"noopener\" target=\"_blank\">euro\u00adp\u00e4i\u00adsche Mon\u00adar\u00adchien<\/a>.<\/p>\n<p>Nicht alle Pro\u00adble\u00adme sind durch <a href=\"https:\/\/bonn.fm\/eine-koenigliche-angelegenheit-sind-monarchien-noch-zeitgemaess\/\" rel=\"noopener\" target=\"_blank\">eine kon\u00adsti\u00adtu\u00adtio\u00adnel\u00adle Mon\u00adar\u00adchie<\/a> wie von Zau\u00adber\u00adhand gel\u00f6st, doch zei\u00adgen die bestehen\u00adden Mon\u00adar\u00adchien min\u00adde\u00adstens in Euro\u00adpa eine Ten\u00addenz zufrie\u00adde\u00adner B\u00fcr\u00adger und Unter\u00adst\u00fct\u00adzung durch die poli\u00adti\u00adschen Parteien.&nbsp;<\/p>\n<p>Abbildung\/Beitragsbild: <a href=\"https:\/\/de.wikipedia.org\/wiki\/D%C3%A4nische_Kronjuwelen\" rel=\"noopener\" target=\"_blank\">D\u00e4ni\u00adsche Kronen<\/a><span hidden class=\"__iawmlf-post-loop-links\" data-iawmlf-links=\"[{&quot;id&quot;:671,&quot;href&quot;:&quot;https:\\\/\\\/coronanachrichten.wordpress.com&quot;,&quot;archived_href&quot;:&quot;http:\\\/\\\/web-wp.archive.org\\\/web\\\/20251006164357\\\/https:\\\/\\\/coronanachrichten.wordpress.com\\\/&quot;,&quot;redirect_href&quot;:&quot;&quot;,&quot;checks&quot;:[{&quot;date&quot;:&quot;2025-11-03 00:41:31&quot;,&quot;http_code&quot;:200},{&quot;date&quot;:&quot;2025-11-10 04:11:30&quot;,&quot;http_code&quot;:200},{&quot;date&quot;:&quot;2025-11-24 19:15:49&quot;,&quot;http_code&quot;:200},{&quot;date&quot;:&quot;2025-11-30 17:26:17&quot;,&quot;http_code&quot;:200},{&quot;date&quot;:&quot;2025-12-04 03:19:17&quot;,&quot;http_code&quot;:200},{&quot;date&quot;:&quot;2026-01-03 14:27:23&quot;,&quot;http_code&quot;:200},{&quot;date&quot;:&quot;2026-01-27 13:49:13&quot;,&quot;http_code&quot;:200},{&quot;date&quot;:&quot;2026-01-31 11:15:39&quot;,&quot;http_code&quot;:200},{&quot;date&quot;:&quot;2026-02-09 12:29:47&quot;,&quot;http_code&quot;:200},{&quot;date&quot;:&quot;2026-02-16 09:18:51&quot;,&quot;http_code&quot;:200},{&quot;date&quot;:&quot;2026-02-26 18:29:24&quot;,&quot;http_code&quot;:200},{&quot;date&quot;:&quot;2026-03-07 18:47:13&quot;,&quot;http_code&quot;:200},{&quot;date&quot;:&quot;2026-03-23 17:39:30&quot;,&quot;http_code&quot;:200},{&quot;date&quot;:&quot;2026-04-13 15:07:35&quot;,&quot;http_code&quot;:200},{&quot;date&quot;:&quot;2026-04-21 20:47:29&quot;,&quot;http_code&quot;:200},{&quot;date&quot;:&quot;2026-04-25 12:31:20&quot;,&quot;http_code&quot;:200},{&quot;date&quot;:&quot;2026-04-30 02:28:40&quot;,&quot;http_code&quot;:200},{&quot;date&quot;:&quot;2026-05-06 09:22:47&quot;,&quot;http_code&quot;:200},{&quot;date&quot;:&quot;2026-05-11 13:58:21&quot;,&quot;http_code&quot;:200},{&quot;date&quot;:&quot;2026-05-17 20:03:28&quot;,&quot;http_code&quot;:200},{&quot;date&quot;:&quot;2026-05-25 10:39:13&quot;,&quot;http_code&quot;:200},{&quot;date&quot;:&quot;2026-05-29 19:16:53&quot;,&quot;http_code&quot;:200},{&quot;date&quot;:&quot;2026-06-05 16:27:04&quot;,&quot;http_code&quot;:200},{&quot;date&quot;:&quot;2026-06-13 10:19:03&quot;,&quot;http_code&quot;:200},{&quot;date&quot;:&quot;2026-06-19 13:13:59&quot;,&quot;http_code&quot;:200},{&quot;date&quot;:&quot;2026-06-25 23:17:46&quot;,&quot;http_code&quot;:200},{&quot;date&quot;:&quot;2026-07-10 08:33:23&quot;,&quot;http_code&quot;:200},{&quot;date&quot;:&quot;2026-07-15 21:36:06&quot;,&quot;http_code&quot;:200},{&quot;date&quot;:&quot;2026-07-27 18:39:20&quot;,&quot;http_code&quot;:200},{&quot;date&quot;:&quot;2026-08-02 19:09:22&quot;,&quot;http_code&quot;:200},{&quot;date&quot;:&quot;2026-08-23 02:06:47&quot;,&quot;http_code&quot;:200},{&quot;date&quot;:&quot;2026-08-31 10:13:25&quot;,&quot;http_code&quot;:200}],&quot;broken&quot;:false,&quot;last_checked&quot;:{&quot;date&quot;:&quot;2026-08-31 10:13:25&quot;,&quot;http_code&quot;:200},&quot;process&quot;:&quot;done&quot;},{&quot;id&quot;:672,&quot;href&quot;:&quot;https:\\\/\\\/coronanachrichten.wordpress.com\\\/2024\\\/01\\\/21\\\/danemark-begrust-das-neue-konigspaar-corona-nachrichten-fur-monarchisten-ausgabe-299&quot;,&quot;archived_href&quot;:&quot;http:\\\/\\\/web-wp.archive.org\\\/web\\\/20251103004252\\\/https:\\\/\\\/coronanachrichten.wordpress.com\\\/2024\\\/01\\\/21\\\/danemark-begrust-das-neue-konigspaar-corona-nachrichten-fur-monarchisten-ausgabe-299\\\/&quot;,&quot;redirect_href&quot;:&quot;https:\\\/\\\/coronanachrichten.wordpress.com\\\/2024\\\/01\\\/21\\\/danemark-begrust-das-neue-konigspaar-corona-nachrichten-fur-monarchisten-ausgabe-299\\\/&quot;,&quot;checks&quot;:[{&quot;date&quot;:&quot;2025-11-06 18:18:43&quot;,&quot;http_code&quot;:200},{&quot;date&quot;:&quot;2025-11-14 00:46:44&quot;,&quot;http_code&quot;:200},{&quot;date&quot;:&quot;2025-11-24 19:15:49&quot;,&quot;http_code&quot;:200},{&quot;date&quot;:&quot;2025-11-30 17:26:17&quot;,&quot;http_code&quot;:200},{&quot;date&quot;:&quot;2025-12-04 03:19:17&quot;,&quot;http_code&quot;:200},{&quot;date&quot;:&quot;2026-01-03 14:27:23&quot;,&quot;http_code&quot;:200},{&quot;date&quot;:&quot;2026-01-27 13:49:13&quot;,&quot;http_code&quot;:200},{&quot;date&quot;:&quot;2026-01-31 11:15:40&quot;,&quot;http_code&quot;:200},{&quot;date&quot;:&quot;2026-02-09 12:29:49&quot;,&quot;http_code&quot;:200},{&quot;date&quot;:&quot;2026-02-16 09:18:51&quot;,&quot;http_code&quot;:200},{&quot;date&quot;:&quot;2026-03-07 18:47:12&quot;,&quot;http_code&quot;:200},{&quot;date&quot;:&quot;2026-03-23 17:39:30&quot;,&quot;http_code&quot;:200},{&quot;date&quot;:&quot;2026-04-13 15:07:35&quot;,&quot;http_code&quot;:200},{&quot;date&quot;:&quot;2026-04-21 20:47:29&quot;,&quot;http_code&quot;:200},{&quot;date&quot;:&quot;2026-04-25 12:31:20&quot;,&quot;http_code&quot;:200},{&quot;date&quot;:&quot;2026-04-30 02:28:40&quot;,&quot;http_code&quot;:200},{&quot;date&quot;:&quot;2026-05-06 09:22:47&quot;,&quot;http_code&quot;:200},{&quot;date&quot;:&quot;2026-05-11 13:58:20&quot;,&quot;http_code&quot;:200},{&quot;date&quot;:&quot;2026-05-17 20:03:28&quot;,&quot;http_code&quot;:200},{&quot;date&quot;:&quot;2026-05-25 10:39:13&quot;,&quot;http_code&quot;:200},{&quot;date&quot;:&quot;2026-05-29 19:16:53&quot;,&quot;http_code&quot;:200},{&quot;date&quot;:&quot;2026-06-05 16:27:04&quot;,&quot;http_code&quot;:200},{&quot;date&quot;:&quot;2026-06-13 10:18:58&quot;,&quot;http_code&quot;:200},{&quot;date&quot;:&quot;2026-06-19 13:13:59&quot;,&quot;http_code&quot;:200},{&quot;date&quot;:&quot;2026-06-25 23:17:47&quot;,&quot;http_code&quot;:200},{&quot;date&quot;:&quot;2026-07-10 08:33:25&quot;,&quot;http_code&quot;:200},{&quot;date&quot;:&quot;2026-07-15 21:36:07&quot;,&quot;http_code&quot;:200},{&quot;date&quot;:&quot;2026-07-27 18:39:20&quot;,&quot;http_code&quot;:200},{&quot;date&quot;:&quot;2026-08-02 19:09:22&quot;,&quot;http_code&quot;:200},{&quot;date&quot;:&quot;2026-08-23 02:06:48&quot;,&quot;http_code&quot;:200},{&quot;date&quot;:&quot;2026-08-31 10:13:25&quot;,&quot;http_code&quot;:200}],&quot;broken&quot;:false,&quot;last_checked&quot;:{&quot;date&quot;:&quot;2026-08-31 10:13:25&quot;,&quot;http_code&quot;:200},&quot;process&quot;:&quot;done&quot;},{&quot;id&quot;:673,&quot;href&quot;:&quot;https:\\\/\\\/de.wikipedia.org\\\/wiki\\\/Mette_Frederiksen&quot;,&quot;archived_href&quot;:&quot;http:\\\/\\\/web-wp.archive.org\\\/web\\\/20251103005953\\\/https:\\\/\\\/de.wikipedia.org\\\/wiki\\\/Mette_Frederiksen&quot;,&quot;redirect_href&quot;:&quot;&quot;,&quot;checks&quot;:[{&quot;date&quot;:&quot;2025-11-06 18:18:44&quot;,&quot;http_code&quot;:200},{&quot;date&quot;:&quot;2025-11-14 00:46:43&quot;,&quot;http_code&quot;:200},{&quot;date&quot;:&quot;2025-11-25 05:52:37&quot;,&quot;http_code&quot;:200},{&quot;date&quot;:&quot;2025-12-02 04:00:04&quot;,&quot;http_code&quot;:200},{&quot;date&quot;:&quot;2026-01-03 14:27:23&quot;,&quot;http_code&quot;:200},{&quot;date&quot;:&quot;2026-01-27 13:49:12&quot;,&quot;http_code&quot;:200},{&quot;date&quot;:&quot;2026-01-31 11:15:39&quot;,&quot;http_code&quot;:200},{&quot;date&quot;:&quot;2026-02-09 12:29:47&quot;,&quot;http_code&quot;:200},{&quot;date&quot;:&quot;2026-02-16 09:18:51&quot;,&quot;http_code&quot;:200},{&quot;date&quot;:&quot;2026-02-26 18:29:22&quot;,&quot;http_code&quot;:200},{&quot;date&quot;:&quot;2026-04-14 11:29:22&quot;,&quot;http_code&quot;:200},{&quot;date&quot;:&quot;2026-04-24 07:38:51&quot;,&quot;http_code&quot;:429},{&quot;date&quot;:&quot;2026-06-05 16:27:07&quot;,&quot;http_code&quot;:200},{&quot;date&quot;:&quot;2026-06-13 16:13:07&quot;,&quot;http_code&quot;:200},{&quot;date&quot;:&quot;2026-06-19 13:14:00&quot;,&quot;http_code&quot;:200},{&quot;date&quot;:&quot;2026-06-25 23:17:46&quot;,&quot;http_code&quot;:200},{&quot;date&quot;:&quot;2026-07-15 21:36:04&quot;,&quot;http_code&quot;:200},{&quot;date&quot;:&quot;2026-07-27 18:39:20&quot;,&quot;http_code&quot;:200},{&quot;date&quot;:&quot;2026-08-02 19:09:21&quot;,&quot;http_code&quot;:200},{&quot;date&quot;:&quot;2026-08-23 02:06:49&quot;,&quot;http_code&quot;:200},{&quot;date&quot;:&quot;2026-08-31 10:13:27&quot;,&quot;http_code&quot;:200}],&quot;broken&quot;:false,&quot;last_checked&quot;:{&quot;date&quot;:&quot;2026-08-31 10:13:27&quot;,&quot;http_code&quot;:200},&quot;process&quot;:&quot;done&quot;},{&quot;id&quot;:674,&quot;href&quot;:&quot;https:\\\/\\\/de.wikipedia.org\\\/wiki\\\/Jens_Otto_Krag&quot;,&quot;archived_href&quot;:&quot;http:\\\/\\\/web-wp.archive.org\\\/web\\\/20250930203955\\\/https:\\\/\\\/de.wikipedia.org\\\/wiki\\\/Jens_Otto_Krag&quot;,&quot;redirect_href&quot;:&quot;&quot;,&quot;checks&quot;:[{&quot;date&quot;:&quot;2025-11-03 00:41:49&quot;,&quot;http_code&quot;:200},{&quot;date&quot;:&quot;2025-11-13 09:29:15&quot;,&quot;http_code&quot;:200},{&quot;date&quot;:&quot;2025-11-25 05:52:37&quot;,&quot;http_code&quot;:200},{&quot;date&quot;:&quot;2025-12-02 23:03:13&quot;,&quot;http_code&quot;:200},{&quot;date&quot;:&quot;2026-01-03 14:27:23&quot;,&quot;http_code&quot;:200},{&quot;date&quot;:&quot;2026-01-27 13:49:13&quot;,&quot;http_code&quot;:200},{&quot;date&quot;:&quot;2026-01-31 11:15:40&quot;,&quot;http_code&quot;:200},{&quot;date&quot;:&quot;2026-02-09 12:29:47&quot;,&quot;http_code&quot;:200},{&quot;date&quot;:&quot;2026-02-16 09:18:51&quot;,&quot;http_code&quot;:200},{&quot;date&quot;:&quot;2026-02-26 18:29:27&quot;,&quot;http_code&quot;:200},{&quot;date&quot;:&quot;2026-04-14 11:29:22&quot;,&quot;http_code&quot;:200},{&quot;date&quot;:&quot;2026-04-24 07:38:51&quot;,&quot;http_code&quot;:200},{&quot;date&quot;:&quot;2026-06-05 16:27:07&quot;,&quot;http_code&quot;:200},{&quot;date&quot;:&quot;2026-06-13 16:13:07&quot;,&quot;http_code&quot;:200},{&quot;date&quot;:&quot;2026-06-19 13:14:00&quot;,&quot;http_code&quot;:200},{&quot;date&quot;:&quot;2026-06-25 23:17:46&quot;,&quot;http_code&quot;:200},{&quot;date&quot;:&quot;2026-07-15 21:36:05&quot;,&quot;http_code&quot;:200},{&quot;date&quot;:&quot;2026-07-27 22:47:54&quot;,&quot;http_code&quot;:200},{&quot;date&quot;:&quot;2026-08-02 19:09:22&quot;,&quot;http_code&quot;:200},{&quot;date&quot;:&quot;2026-08-23 02:06:48&quot;,&quot;http_code&quot;:200},{&quot;date&quot;:&quot;2026-08-31 10:13:27&quot;,&quot;http_code&quot;:200}],&quot;broken&quot;:false,&quot;last_checked&quot;:{&quot;date&quot;:&quot;2026-08-31 10:13:27&quot;,&quot;http_code&quot;:200},&quot;process&quot;:&quot;done&quot;},{&quot;id&quot;:675,&quot;href&quot;:&quot;https:\\\/\\\/www.dw.com\\\/de\\\/nicht-nur-in-d%C3%A4nemark-jeder-f%C3%BCnfte-staat-ist-eine-monarchie\\\/a-67900179&quot;,&quot;archived_href&quot;:&quot;http:\\\/\\\/web-wp.archive.org\\\/web\\\/20240913151858\\\/https:\\\/\\\/www.dw.com\\\/de\\\/nicht-nur-in-d%C3%A4nemark-jeder-f%C3%BCnfte-staat-ist-eine-monarchie\\\/a-67900179&quot;,&quot;redirect_href&quot;:&quot;&quot;,&quot;checks&quot;:[{&quot;date&quot;:&quot;2025-11-03 00:41:52&quot;,&quot;http_code&quot;:200}],&quot;broken&quot;:false,&quot;last_checked&quot;:{&quot;date&quot;:&quot;2025-11-03 00:41:52&quot;,&quot;http_code&quot;:200},&quot;process&quot;:&quot;done&quot;},{&quot;id&quot;:676,&quot;href&quot;:&quot;https:\\\/\\\/www.uni-muenster.de\\\/NiederlandeNet\\\/nl-wissen\\\/monarchie\\\/koenigshaus\\\/feierlaune.html&quot;,&quot;archived_href&quot;:&quot;http:\\\/\\\/web-wp.archive.org\\\/web\\\/20220807080751\\\/https:\\\/\\\/www.uni-muenster.de\\\/NiederlandeNet\\\/nl-wissen\\\/monarchie\\\/koenigshaus\\\/feierlaune.html&quot;,&quot;redirect_href&quot;:&quot;&quot;,&quot;checks&quot;:[{&quot;date&quot;:&quot;2025-11-03 00:41:56&quot;,&quot;http_code&quot;:404},{&quot;date&quot;:&quot;2025-11-13 09:29:16&quot;,&quot;http_code&quot;:404},{&quot;date&quot;:&quot;2025-12-02 23:03:14&quot;,&quot;http_code&quot;:404},{&quot;date&quot;:&quot;2026-01-03 14:27:27&quot;,&quot;http_code&quot;:404},{&quot;date&quot;:&quot;2026-01-31 11:15:40&quot;,&quot;http_code&quot;:404},{&quot;date&quot;:&quot;2026-02-16 09:18:58&quot;,&quot;http_code&quot;:404},{&quot;date&quot;:&quot;2026-02-26 18:29:23&quot;,&quot;http_code&quot;:404},{&quot;date&quot;:&quot;2026-04-26 23:30:09&quot;,&quot;http_code&quot;:404},{&quot;date&quot;:&quot;2026-06-05 16:27:09&quot;,&quot;http_code&quot;:404},{&quot;date&quot;:&quot;2026-06-13 10:19:12&quot;,&quot;http_code&quot;:404},{&quot;date&quot;:&quot;2026-07-15 21:36:11&quot;,&quot;http_code&quot;:503},{&quot;date&quot;:&quot;2026-07-27 22:48:05&quot;,&quot;http_code&quot;:503},{&quot;date&quot;:&quot;2026-08-23 02:06:51&quot;,&quot;http_code&quot;:503},{&quot;date&quot;:&quot;2026-08-31 10:13:31&quot;,&quot;http_code&quot;:503}],&quot;broken&quot;:true,&quot;last_checked&quot;:{&quot;date&quot;:&quot;2026-08-31 10:13:31&quot;,&quot;http_code&quot;:503},&quot;process&quot;:&quot;done&quot;},{&quot;id&quot;:677,&quot;href&quot;:&quot;https:\\\/\\\/www.reisereporter.de\\\/reisenews\\\/destinationen\\\/world-happiness-report-2023-wo-die-gluecklichsten-menschen-leben-4Y4XV6LBVPJVN33VCIZU7XEFGN.html&quot;,&quot;archived_href&quot;:&quot;http:\\\/\\\/web-wp.archive.org\\\/web\\\/20240113024430\\\/https:\\\/\\\/www.reisereporter.de\\\/reisenews\\\/destinationen\\\/world-happiness-report-2023-wo-die-gluecklichsten-menschen-leben-4Y4XV6LBVPJVN33VCIZU7XEFGN.html&quot;,&quot;redirect_href&quot;:&quot;https:\\\/\\\/www.reisereporter.de\\\/reisenews\\\/world-happiness-report-2024-wo-die-gluecklichsten-menschen-leben-UOE2A42JUJBFXHKWADAA37CQEA.html&quot;,&quot;checks&quot;:[{&quot;date&quot;:&quot;2025-11-09 21:29:06&quot;,&quot;http_code&quot;:200},{&quot;date&quot;:&quot;2026-02-16 09:18:54&quot;,&quot;http_code&quot;:200},{&quot;date&quot;:&quot;2026-04-26 23:30:14&quot;,&quot;http_code&quot;:200},{&quot;date&quot;:&quot;2026-06-05 16:27:11&quot;,&quot;http_code&quot;:200},{&quot;date&quot;:&quot;2026-06-13 16:13:09&quot;,&quot;http_code&quot;:200},{&quot;date&quot;:&quot;2026-07-15 21:36:08&quot;,&quot;http_code&quot;:200},{&quot;date&quot;:&quot;2026-07-27 22:48:06&quot;,&quot;http_code&quot;:200},{&quot;date&quot;:&quot;2026-08-23 02:06:52&quot;,&quot;http_code&quot;:200},{&quot;date&quot;:&quot;2026-08-31 10:13:29&quot;,&quot;http_code&quot;:200}],&quot;broken&quot;:false,&quot;last_checked&quot;:{&quot;date&quot;:&quot;2026-08-31 10:13:29&quot;,&quot;http_code&quot;:200},&quot;process&quot;:&quot;done&quot;},{&quot;id&quot;:678,&quot;href&quot;:&quot;https:\\\/\\\/www.dw.com\\\/de\\\/europas-monarchien\\\/a-61982340&quot;,&quot;archived_href&quot;:&quot;http:\\\/\\\/web-wp.archive.org\\\/web\\\/20250425222756\\\/https:\\\/\\\/www.dw.com\\\/de\\\/europas-monarchien\\\/a-61982340&quot;,&quot;redirect_href&quot;:&quot;&quot;,&quot;checks&quot;:[{&quot;date&quot;:&quot;2025-11-03 00:42:10&quot;,&quot;http_code&quot;:200},{&quot;date&quot;:&quot;2025-11-13 09:29:17&quot;,&quot;http_code&quot;:200},{&quot;date&quot;:&quot;2026-02-16 09:18:54&quot;,&quot;http_code&quot;:200},{&quot;date&quot;:&quot;2026-04-26 23:30:13&quot;,&quot;http_code&quot;:200},{&quot;date&quot;:&quot;2026-06-05 16:27:07&quot;,&quot;http_code&quot;:200},{&quot;date&quot;:&quot;2026-06-13 10:19:13&quot;,&quot;http_code&quot;:200},{&quot;date&quot;:&quot;2026-07-15 21:36:05&quot;,&quot;http_code&quot;:200},{&quot;date&quot;:&quot;2026-07-27 22:48:00&quot;,&quot;http_code&quot;:200},{&quot;date&quot;:&quot;2026-08-23 02:06:48&quot;,&quot;http_code&quot;:200},{&quot;date&quot;:&quot;2026-08-31 10:13:30&quot;,&quot;http_code&quot;:200}],&quot;broken&quot;:false,&quot;last_checked&quot;:{&quot;date&quot;:&quot;2026-08-31 10:13:30&quot;,&quot;http_code&quot;:200},&quot;process&quot;:&quot;done&quot;},{&quot;id&quot;:679,&quot;href&quot;:&quot;https:\\\/\\\/bonn.fm\\\/eine-koenigliche-angelegenheit-sind-monarchien-noch-zeitgemaess&quot;,&quot;archived_href&quot;:&quot;http:\\\/\\\/web-wp.archive.org\\\/web\\\/20250515182502\\\/https:\\\/\\\/bonn.fm\\\/eine-koenigliche-angelegenheit-sind-monarchien-noch-zeitgemaess\\\/&quot;,&quot;redirect_href&quot;:&quot;&quot;,&quot;checks&quot;:[{&quot;date&quot;:&quot;2025-11-03 00:42:16&quot;,&quot;http_code&quot;:503},{&quot;date&quot;:&quot;2025-11-13 09:29:23&quot;,&quot;http_code&quot;:503},{&quot;date&quot;:&quot;2026-02-16 09:18:59&quot;,&quot;http_code&quot;:503},{&quot;date&quot;:&quot;2026-02-26 18:29:29&quot;,&quot;http_code&quot;:503},{&quot;date&quot;:&quot;2026-04-26 23:30:12&quot;,&quot;http_code&quot;:503},{&quot;date&quot;:&quot;2026-07-27 22:47:55&quot;,&quot;http_code&quot;:404},{&quot;date&quot;:&quot;2026-08-31 10:13:31&quot;,&quot;http_code&quot;:404}],&quot;broken&quot;:true,&quot;last_checked&quot;:{&quot;date&quot;:&quot;2026-08-31 10:13:31&quot;,&quot;http_code&quot;:404},&quot;process&quot;:&quot;done&quot;},{&quot;id&quot;:680,&quot;href&quot;:&quot;https:\\\/\\\/de.wikipedia.org\\\/wiki\\\/D%C3%A4nische_Kronjuwelen&quot;,&quot;archived_href&quot;:&quot;http:\\\/\\\/web-wp.archive.org\\\/web\\\/20251103005957\\\/https:\\\/\\\/de.wikipedia.org\\\/wiki\\\/D%C3%A4nische_Kronjuwelen&quot;,&quot;redirect_href&quot;:&quot;&quot;,&quot;checks&quot;:[],&quot;broken&quot;:false,&quot;last_checked&quot;:null,&quot;process&quot;:&quot;done&quot;}]\"><\/span><\/p>\n","protected":false},"excerpt":{"rendered":"<p>In \"Coro\u00adna \u2013 Nach\u00adrich\u00adten f\u00fcr Mon\u00adar\u00adchi\u00adsten, Aus\u00adga\u00adbe 299\" fin\u00addet man den Arti\u00adkel \"D\u00e4ne\u00admark begr\u00fc\u00dft das neue K\u00f6nigs\u00adpaar\". Dort wird berich\u00adtet, was das Deut\u00adsche Fern\u00adse\u00adhen, genau\u00ader das <span class=\"caps\">ARD-<\/span>\u201eEuropamagazin\u201c ver\u00adlau\u00adte\u00adten&nbsp;lie\u00df: \u201eD\u00e4ne\u00admark: Wer braucht noch eine Mon\u00adar\u00adchie?\u201c Wei\u00adter hei\u00dft es&nbsp;dort: \".. Selt\u00adsam, da\u00df die\u00adse Fra\u00adge aus\u00adge\u00adrech\u00adnet in einem Land auf\u00adge\u00adwor\u00adfen wird, des\u00adsen Regie\u00adrung von kaum 30% der Bev\u00f6lkerung&nbsp;[\u2026]<\/p>\n","protected":false},"author":561,"featured_media":116899,"comment_status":"open","ping_status":"closed","sticky":false,"template":"","format":"standard","meta":{"wp_typography_post_enhancements_disabled":false,"footnotes":""},"categories":[5567,5561,1441,211,41],"tags":[7746,7745,7747],"class_list":["post-116896","post","type-post","status-publish","format-standard","has-post-thumbnail","hentry","category-offene-fragen","category-monarchie-jetzt","category-politik","category-vorurteile","category-zeitgeist","tag-europas-monarchien","tag-koenigshaeuser","tag-stabilitaet-kontinuitaet-leitfigur"],"_links":{"self":[{"href":"https:\/\/www.re-actio.com\/wordpress\/wp-json\/wp\/v2\/posts\/116896","targetHints":{"allow":["GET"]}}],"collection":[{"href":"https:\/\/www.re-actio.com\/wordpress\/wp-json\/wp\/v2\/posts"}],"about":[{"href":"https:\/\/www.re-actio.com\/wordpress\/wp-json\/wp\/v2\/types\/post"}],"author":[{"embeddable":true,"href":"https:\/\/www.re-actio.com\/wordpress\/wp-json\/wp\/v2\/users\/561"}],"replies":[{"embeddable":true,"href":"https:\/\/www.re-actio.com\/wordpress\/wp-json\/wp\/v2\/comments?post=116896"}],"version-history":[{"count":0,"href":"https:\/\/www.re-actio.com\/wordpress\/wp-json\/wp\/v2\/posts\/116896\/revisions"}],"wp:featuredmedia":[{"embeddable":true,"href":"https:\/\/www.re-actio.com\/wordpress\/wp-json\/wp\/v2\/media\/116899"}],"wp:attachment":[{"href":"https:\/\/www.re-actio.com\/wordpress\/wp-json\/wp\/v2\/media?parent=116896"}],"wp:term":[{"taxonomy":"category","embeddable":true,"href":"https:\/\/www.re-actio.com\/wordpress\/wp-json\/wp\/v2\/categories?post=116896"},{"taxonomy":"post_tag","embeddable":true,"href":"https:\/\/www.re-actio.com\/wordpress\/wp-json\/wp\/v2\/tags?post=116896"}],"curies":[{"name":"wp","href":"https:\/\/api.w.org\/{rel}","templated":true}]}}