{"id":78427,"date":"2017-02-10T02:18:40","date_gmt":"2017-02-10T01:18:40","guid":{"rendered":"http:\/\/www.re-actio.com\/wordpress\/?p=78427"},"modified":"2019-06-13T14:50:42","modified_gmt":"2019-06-13T12:50:42","slug":"asylantraege-bevoelkerungsstatistik-nach-bundeslaendern-kommentiert","status":"publish","type":"post","link":"https:\/\/www.re-actio.com\/wordpress\/asylantraege-bevoelkerungsstatistik-nach-bundeslaendern-kommentiert\/","title":{"rendered":"Asylantr\u00e4ge &#038; Bev\u00f6lkerungsstatistik nach Bundesl\u00e4ndern, kommentiert"},"content":{"rendered":"<div class=\"__iawmlf-post-loop-links\" style=\"display:none;\" data-iawmlf-post-links=\"[{&quot;id&quot;:4448,&quot;href&quot;:&quot;https:\\\/\\\/www.destatis.de\\\/DE\\\/ZahlenFakten\\\/GesellschaftStaat\\\/Bevoelkerung\\\/MigrationIntegration\\\/Migrationshintergrund\\\/Tabellen\\\/MigrationshintergrundLaender.html&quot;,&quot;archived_href&quot;:&quot;http:\\\/\\\/web-wp.archive.org\\\/web\\\/20180718084033\\\/https:\\\/\\\/www.destatis.de\\\/DE\\\/ZahlenFakten\\\/GesellschaftStaat\\\/Bevoelkerung\\\/MigrationIntegration\\\/Migrationshintergrund\\\/Tabellen\\\/MigrationshintergrundLaender.html&quot;,&quot;redirect_href&quot;:&quot;&quot;,&quot;checks&quot;:[{&quot;date&quot;:&quot;2025-11-04 03:23:29&quot;,&quot;http_code&quot;:200},{&quot;date&quot;:&quot;2025-12-05 02:19:05&quot;,&quot;http_code&quot;:200},{&quot;date&quot;:&quot;2026-02-26 23:05:59&quot;,&quot;http_code&quot;:200},{&quot;date&quot;:&quot;2026-03-09 09:39:50&quot;,&quot;http_code&quot;:200},{&quot;date&quot;:&quot;2026-03-23 14:20:36&quot;,&quot;http_code&quot;:503},{&quot;date&quot;:&quot;2026-04-13 01:45:43&quot;,&quot;http_code&quot;:200},{&quot;date&quot;:&quot;2026-04-21 10:14:55&quot;,&quot;http_code&quot;:200},{&quot;date&quot;:&quot;2026-04-24 19:37:45&quot;,&quot;http_code&quot;:200}],&quot;broken&quot;:false,&quot;last_checked&quot;:{&quot;date&quot;:&quot;2026-04-24 19:37:45&quot;,&quot;http_code&quot;:200},&quot;process&quot;:&quot;done&quot;},{&quot;id&quot;:4449,&quot;href&quot;:&quot;https:\\\/\\\/de.statista.com\\\/infografik\\\/7999\\\/asylantraege-in-den-bundeslaendern&quot;,&quot;archived_href&quot;:&quot;http:\\\/\\\/web-wp.archive.org\\\/web\\\/20250905120111\\\/https:\\\/\\\/de.statista.com\\\/infografik\\\/7999\\\/asylantraege-in-den-bundeslaendern\\\/&quot;,&quot;redirect_href&quot;:&quot;&quot;,&quot;checks&quot;:[{&quot;date&quot;:&quot;2025-11-04 03:23:33&quot;,&quot;http_code&quot;:200},{&quot;date&quot;:&quot;2025-12-05 02:19:04&quot;,&quot;http_code&quot;:200},{&quot;date&quot;:&quot;2026-02-26 23:05:58&quot;,&quot;http_code&quot;:200},{&quot;date&quot;:&quot;2026-03-09 09:39:50&quot;,&quot;http_code&quot;:200},{&quot;date&quot;:&quot;2026-03-23 14:20:32&quot;,&quot;http_code&quot;:200},{&quot;date&quot;:&quot;2026-04-13 01:45:37&quot;,&quot;http_code&quot;:200},{&quot;date&quot;:&quot;2026-04-21 10:14:55&quot;,&quot;http_code&quot;:200},{&quot;date&quot;:&quot;2026-04-24 19:37:43&quot;,&quot;http_code&quot;:200}],&quot;broken&quot;:false,&quot;last_checked&quot;:{&quot;date&quot;:&quot;2026-04-24 19:37:43&quot;,&quot;http_code&quot;:200},&quot;process&quot;:&quot;done&quot;},{&quot;id&quot;:4450,&quot;href&quot;:&quot;http:\\\/\\\/www.vonsulecki.com\\\/Bilder_2017\\\/02_2017\\\/anteil-asyl-u-auslaender-1.png&quot;,&quot;archived_href&quot;:&quot;http:\\\/\\\/web-wp.archive.org\\\/web\\\/20251104032430\\\/https:\\\/\\\/www.vonsulecki.com\\\/Bilder_2017\\\/02_2017\\\/anteil-asyl-u-auslaender-1.png&quot;,&quot;redirect_href&quot;:&quot;https:\\\/\\\/www.vonsulecki.com\\\/Bilder_2017\\\/02_2017\\\/anteil-asyl-u-auslaender-1.png&quot;,&quot;checks&quot;:[{&quot;date&quot;:&quot;2025-12-05 02:19:07&quot;,&quot;http_code&quot;:206},{&quot;date&quot;:&quot;2026-02-26 23:06:02&quot;,&quot;http_code&quot;:206},{&quot;date&quot;:&quot;2026-03-09 09:39:48&quot;,&quot;http_code&quot;:206},{&quot;date&quot;:&quot;2026-03-23 14:20:31&quot;,&quot;http_code&quot;:206},{&quot;date&quot;:&quot;2026-04-13 01:45:37&quot;,&quot;http_code&quot;:206},{&quot;date&quot;:&quot;2026-04-21 10:14:53&quot;,&quot;http_code&quot;:206},{&quot;date&quot;:&quot;2026-04-24 19:37:42&quot;,&quot;http_code&quot;:206}],&quot;broken&quot;:false,&quot;last_checked&quot;:{&quot;date&quot;:&quot;2026-04-24 19:37:42&quot;,&quot;http_code&quot;:206},&quot;process&quot;:&quot;done&quot;},{&quot;id&quot;:4451,&quot;href&quot;:&quot;https:\\\/\\\/de.statista.com\\\/infografik\\\/7999\\\/asylantraege-in-den-bundeslaendern\\\/?utm_campaign=7fcd655dc3-newsticker_DE_vormittags_33&amp;utm_medium=email&amp;utm_source=Infographic%20Newsletter&amp;utm_term=0_666fe64c5d-7fcd655dc3-296332385&quot;,&quot;archived_href&quot;:&quot;&quot;,&quot;redirect_href&quot;:&quot;https:\\\/\\\/de.statista.com\\\/sso\\\/iplogin?__sso_redirect=\\\/infografik\\\/7999\\\/asylantraege-in-den-bundeslaendern\\\/?utm_campaign%3D7fcd655dc3-newsticker_DE_vormittags_33&quot;,&quot;checks&quot;:[],&quot;broken&quot;:false,&quot;last_checked&quot;:null,&quot;process&quot;:&quot;done&quot;},{&quot;id&quot;:1356,&quot;href&quot;:&quot;https:\\\/\\\/de.statista.com&quot;,&quot;archived_href&quot;:&quot;http:\\\/\\\/web-wp.archive.org\\\/web\\\/20251011090413\\\/https:\\\/\\\/de.statista.com\\\/&quot;,&quot;redirect_href&quot;:&quot;&quot;,&quot;checks&quot;:[{&quot;date&quot;:&quot;2025-11-03 05:06:12&quot;,&quot;http_code&quot;:200},{&quot;date&quot;:&quot;2025-11-26 23:08:45&quot;,&quot;http_code&quot;:200},{&quot;date&quot;:&quot;2025-12-05 02:19:08&quot;,&quot;http_code&quot;:200},{&quot;date&quot;:&quot;2025-12-21 17:09:23&quot;,&quot;http_code&quot;:200},{&quot;date&quot;:&quot;2026-01-10 12:12:45&quot;,&quot;http_code&quot;:200},{&quot;date&quot;:&quot;2026-01-15 07:55:53&quot;,&quot;http_code&quot;:200},{&quot;date&quot;:&quot;2026-01-26 03:31:16&quot;,&quot;http_code&quot;:200},{&quot;date&quot;:&quot;2026-01-30 07:33:04&quot;,&quot;http_code&quot;:200},{&quot;date&quot;:&quot;2026-02-16 10:30:28&quot;,&quot;http_code&quot;:200},{&quot;date&quot;:&quot;2026-02-24 21:21:23&quot;,&quot;http_code&quot;:200},{&quot;date&quot;:&quot;2026-03-15 03:25:31&quot;,&quot;http_code&quot;:200},{&quot;date&quot;:&quot;2026-03-27 05:17:07&quot;,&quot;http_code&quot;:200},{&quot;date&quot;:&quot;2026-03-31 19:09:29&quot;,&quot;http_code&quot;:200},{&quot;date&quot;:&quot;2026-04-12 15:27:07&quot;,&quot;http_code&quot;:200},{&quot;date&quot;:&quot;2026-04-22 09:16:21&quot;,&quot;http_code&quot;:200},{&quot;date&quot;:&quot;2026-04-25 11:57:55&quot;,&quot;http_code&quot;:200},{&quot;date&quot;:&quot;2026-04-28 13:56:48&quot;,&quot;http_code&quot;:200}],&quot;broken&quot;:false,&quot;last_checked&quot;:{&quot;date&quot;:&quot;2026-04-28 13:56:48&quot;,&quot;http_code&quot;:200},&quot;process&quot;:&quot;done&quot;}]\"><\/div>\n<p><a href=\"https:\/\/www.destatis.de\/DE\/ZahlenFakten\/GesellschaftStaat\/Bevoelkerung\/MigrationIntegration\/Migrationshintergrund\/Tabellen\/MigrationshintergrundLaender.html\" target=\"_blank\" rel=\"noopener noreferrer\">Quel\u00adle 1<\/a> &nbsp; <a href=\"https:\/\/de.statista.com\/infografik\/7999\/asylantraege-in-den-bundeslaendern\" target=\"_blank\" rel=\"noopener noreferrer\">Quel\u00adle&nbsp;2<\/a><\/p>\n<p><a href=\"http:\/\/www.vonsulecki.com\/Bilder_2017\/02_2017\/anteil-asyl-u-auslaender-1.png\" target=\"_blank\" rel=\"noopener noreferrer\"><img decoding=\"async\" src=\"http:\/\/www.vonsulecki.com\/Bilder_2017\/02_2017\/anteil-asyl-u-auslaender-1.png\" alt=\"statistik\" width=\"110%\"><\/a><br>\n<\/p><center> ________________________________________________&nbsp;<\/center>\n<p>Der Aus\u00adl\u00e4n\u00adder\u00adan\u00adteil an der Wohn\u00adbe\u00adv\u00f6l\u00adke\u00adrung der Bun\u00addes\u00adl\u00e4n\u00adder ist sehr unter\u00adschied\u00adlich: W\u00e4h\u00adrend bei\u00adspiels\u00adwei\u00adse in <span class=\"caps\">NRW<\/span> der Anteil 25,6&nbsp;% betr\u00e4gt sind es in Ham\u00adburg 28,8&nbsp;% und in Bre\u00admen gar 29,4&nbsp;%.<\/p>\n<p>Blaue Buch\u00adsta\u00adben in Spal\u00adte \u24b8 zei\u00adgen an wel\u00adchen Anteil die bereits hier ans\u00e4s\u00adsi\u00adgen Aus\u00adl\u00e4n\u00adder an der Bev\u00f6l\u00adke\u00adrung haben.<\/p>\n<p>Spal\u00adte \u24b6 zeigt den Anteil der Asyl\u00adan\u00adtr\u00e4\u00adge, in Spal\u00adte \u24b7 ist gezeigt wie sich die\u00adser Wert im Ver\u00adgleich zum pro\u00adzen\u00adtua\u00adlen Anteil der Bev\u00f6l\u00adke\u00adrung in die\u00adsem Bun\u00addes\u00adland \u24b9 verh\u00e4lt:<br>\nEin gr\u00fc\u00adner, nach unten zei\u00adgen\u00adder Pfeil bedeu\u00adtet, dass weni\u00adger Antr\u00e4\u00adge dort gestellt wur\u00adden als dem bun\u00addes\u00adwei\u00adten Anteil des Lan\u00addes ent\u00adspricht, der rote Pfeil nach oben zeigt das Gegen\u00adteil - dort wur\u00adden mehr Antr\u00e4\u00adge (pro\u00adzen\u00adtu\u00adal) gestellt. Sach\u00adsen-Anhalt ist eine Aus\u00adnah\u00adme, weil die bei\u00adden Pro\u00adzent\u00adwer\u00adte iden\u00adtisch&nbsp;sind.<\/p>\n<p>Die Frem\u00adden\u00adfeind\u00adlich\u00adkeit ist dort am offen\u00adsicht\u00adlich\u00adsten wo die gering\u00adsten Zah\u00adlen aus\u00adl\u00e4n\u00addi\u00adscher Per\u00adso\u00adnen bereits woh\u00adnen - in den \u00f6st\u00adli\u00adchen Bun\u00addes\u00adl\u00e4n\u00addern (in der Tabel\u00adle mit einem lila Block gekenn\u00adzeich\u00adnet). Auch die Zah\u00adlen der Antr\u00e4\u00adge dort stel\u00adlen die nied\u00adrig\u00adsten Wer\u00adte&nbsp;dar.<\/p>\n<p>Hohe Antei\u00adle aus\u00adl\u00e4n\u00addi\u00adscher Bewoh\u00adner fin\u00adden sich immer dort, wo weni\u00adger Qua\u00adli\u00adfi\u00adzier\u00adte in Pro\u00adduk\u00adti\u00adons\u00adbe\u00adtrie\u00adben Arbeit fin\u00adden bzw. der Dienst\u00adlei\u00adstungs\u00adsek\u00adtor beson\u00adders aus\u00adge\u00adpr\u00e4gt&nbsp;ist.<\/p>\n<p><\/p><center> ________________________________________________&nbsp;<\/center>\n<p>In der nach\u00adfol\u00adgen\u00adden Abbil\u00addung sind die Zah\u00adlen der Asyl\u00adsu\u00adchen\u00adden \/ Asyl\u00adan\u00adtr\u00e4\u00adge noch\u00admals nach Bun\u00addes\u00adl\u00e4n\u00addern dar\u00adge\u00adstellt (hell\u00adblau = weni\u00adge, dun\u00adkel\u00adblau = vie\u00adle Antragsteller).<\/p>\n<p><a href=\"https:\/\/de.statista.com\/infografik\/7999\/asylantraege-in-den-bundeslaendern\/?utm_campaign=7fcd655dc3-newsticker_DE_vormittags_33&amp;utm_medium=email&amp;utm_source=Infographic%20Newsletter&amp;utm_term=0_666fe64c5d-7fcd655dc3-296332385\" title=\"Infografik: Asylantr\u00e4ge in den Bundesl\u00e4ndern | Statista\"><img decoding=\"async\" src=\"https:\/\/infographic.statista.com\/normal\/infografik_7999_asylantraege_in_den_bundeslaendern_n.jpg\" alt=\"Infografik: Asylantr\u00e4ge in den Bundesl\u00e4ndern | Statista\" width=\"80%\" height=\"auto\" style=\"width: 80%; height: auto !important; max-width:960px;-ms-interpolation-mode: bicubic;\"><\/a><br>Mehr Sta\u00adti\u00adsti\u00adken fin\u00adden Sie bei <a href=\"https:\/\/de.statista.com\/\">Sta\u00adti\u00adsta<\/a><\/p>\n<p>Bre\u00admen, Ham\u00adburg, Hes\u00adsen und Nord\u00adrhein-West\u00adfa\u00adlen sind die durch die in 2015\/2016 hin\u00adzu\u00adge\u00adkom\u00adme\u00adnen Fl\u00fccht\u00adlin\u00adge \/ Asyl\u00adbe\u00adwer\u00adber am st\u00e4rk\u00adsten 'bela\u00adste\u00adten' Bun\u00addes\u00adl\u00e4n\u00adder, dies auch des\u00adwe\u00adgen, weil sie schon einen gro\u00ad\u00dfen Aus\u00adl\u00e4n\u00adder\u00adan\u00adteil haben.&nbsp;<\/p>\n<p>Betrach\u00adtet man die Zah\u00adlen und ver\u00adgleicht die L\u00e4n\u00adder mit\u00adein\u00adan\u00adder wird klar, war\u00adum in eini\u00adgen Bun\u00addes\u00adl\u00e4n\u00addern die Wohn\u00adbe\u00adv\u00f6l\u00adke\u00adrung den Aus\u00adl\u00e4n\u00adder\u00adzu\u00adzug als \"an der Gren\u00adze der M\u00f6g\u00adlich\u00adkei\u00adten\" ansieht.&nbsp;<\/p>\n<p>Es sind aller\u00addings nicht jene Bun\u00addes\u00adl\u00e4\u00adder wo am lau\u00adte\u00adsten auf Demon\u00adstra\u00adtio\u00adnen gegr\u00f6lt wird&nbsp;....<\/p>\n","protected":false},"excerpt":{"rendered":"<p>Quel\u00adle 1 &nbsp; Quel\u00adle&nbsp;2 ________________________________________________&nbsp; Der Aus\u00adl\u00e4n\u00adder\u00adan\u00adteil an der Wohn\u00adbe\u00adv\u00f6l\u00adke\u00adrung der Bun\u00addes\u00adl\u00e4n\u00adder ist sehr unter\u00adschied\u00adlich: W\u00e4h\u00adrend bei\u00adspiels\u00adwei\u00adse in <span class=\"caps\">NRW<\/span> der Anteil 25,6&nbsp;% betr\u00e4gt sind es in Ham\u00adburg 28,8&nbsp;% und in Bre\u00admen gar 29,4&nbsp;%. Blaue Buch\u00adsta\u00adben in Spal\u00adte \u24b8 zei\u00adgen an wel\u00adchen Anteil die bereits hier ans\u00e4s\u00adsi\u00adgen Aus\u00adl\u00e4n\u00adder an der Bev\u00f6l\u00adke\u00adrung haben. Spal\u00adte \u24b6 zeigt&nbsp;den&nbsp;[\u2026]<\/p>\n","protected":false},"author":561,"featured_media":0,"comment_status":"open","ping_status":"closed","sticky":false,"template":"","format":"standard","meta":{"wp_typography_post_enhancements_disabled":false,"footnotes":""},"categories":[1691,21],"tags":[5302],"class_list":["post-78427","post","type-post","status-publish","format-standard","hentry","category-1691","category-daten-fakten","tag-asylantraege-nach-bundesland"],"_links":{"self":[{"href":"https:\/\/www.re-actio.com\/wordpress\/wp-json\/wp\/v2\/posts\/78427","targetHints":{"allow":["GET"]}}],"collection":[{"href":"https:\/\/www.re-actio.com\/wordpress\/wp-json\/wp\/v2\/posts"}],"about":[{"href":"https:\/\/www.re-actio.com\/wordpress\/wp-json\/wp\/v2\/types\/post"}],"author":[{"embeddable":true,"href":"https:\/\/www.re-actio.com\/wordpress\/wp-json\/wp\/v2\/users\/561"}],"replies":[{"embeddable":true,"href":"https:\/\/www.re-actio.com\/wordpress\/wp-json\/wp\/v2\/comments?post=78427"}],"version-history":[{"count":0,"href":"https:\/\/www.re-actio.com\/wordpress\/wp-json\/wp\/v2\/posts\/78427\/revisions"}],"wp:attachment":[{"href":"https:\/\/www.re-actio.com\/wordpress\/wp-json\/wp\/v2\/media?parent=78427"}],"wp:term":[{"taxonomy":"category","embeddable":true,"href":"https:\/\/www.re-actio.com\/wordpress\/wp-json\/wp\/v2\/categories?post=78427"},{"taxonomy":"post_tag","embeddable":true,"href":"https:\/\/www.re-actio.com\/wordpress\/wp-json\/wp\/v2\/tags?post=78427"}],"curies":[{"name":"wp","href":"https:\/\/api.w.org\/{rel}","templated":true}]}}